{"id":665,"date":"2013-12-08T20:58:11","date_gmt":"2013-12-08T19:58:11","guid":{"rendered":"http:\/\/beta.amis-tico.eu\/fr\/?p=665"},"modified":"2015-02-19T15:01:39","modified_gmt":"2015-02-19T14:01:39","slug":"minette","status":"publish","type":"post","link":"https:\/\/www.amis-tico.eu\/fr\/2013\/minette\/","title":{"rendered":"Minette"},"content":{"rendered":"<p>Sexe: Femelle<br \/>\nAge (date de naissance): 2009<br \/>\nAu refuge depuis: D\u00e9cembre 2013<br \/>\n<strong> Update f\u00e9vrier 2014: adopt\u00e9e<\/strong><\/p>\n<p><!--more--><\/p>\n<p><strong>Commentaires<\/strong><\/p>\n<p>Minette est \u00e2g\u00e9e d&rsquo;environ 4 ans. Jusqu&rsquo;\u00e0 pr\u00e9sent elle \u00e9tait plut\u00f4t habitu\u00e9e \u00e0 \u00eatre un chat &laquo;&nbsp;d&rsquo;ext\u00e9rieur&nbsp;&raquo;, mais elle s&rsquo;est bien adapt\u00e9e \u00e0 son foyer d&rsquo;accueil actuel, o\u00f9 elle reste \u00e0 l&rsquo;int\u00e9rieur. Au d\u00e9but elle \u00e9tait timide et ne cherchait le contact avec personne, mais entre temps elle s&rsquo;entend bien avec les autres chats et chiens. Minette est propre \u00e0 l&rsquo;int\u00e9rieur, calme et c\u00e2line.<\/p>\n\n\t\t\t<div id='665-1' class='gallery gallery-665 gallery-columns-3 gallery-size-thumbnail' itemscope itemtype='http:\/\/schema.org\/ImageGallery'>\n\t\t\t\t<div class='gallery-row gallery-col-3 gallery-clear'>\n\t\t\t\t\t<figure class='gallery-item col-3' itemprop='associatedMedia' itemscope itemtype='http:\/\/schema.org\/ImageObject'>\n\t\t\t\t\t\t<div class='gallery-icon landscape'><a href='https:\/\/www.amis-tico.eu\/fr\/2013\/minette\/chatte-minette1-1\/' itemprop=\"contentURL\"><img loading=\"lazy\" decoding=\"async\" width=\"150\" height=\"150\" src=\"https:\/\/www.amis-tico.eu\/fr\/wp-content\/uploads\/sites\/2\/2013\/12\/chatte-minette1-1-150x150.jpg\" class=\"attachment-thumbnail size-thumbnail\" alt=\"\" itemprop=\"thumbnail\" \/><\/a><\/div>\n\t\t\t\t\t<\/figure>\n\t\t\t<\/div>\n\t\t\t<\/div><!-- .gallery -->\n\n<p><strong>Update, 19.02.2015:<\/strong><\/p>\n<p>&laquo;&nbsp;Minette a \u00e9t\u00e9 rebaptis\u00e9e P&rsquo;tite Maman. Je l&rsquo;ai r\u00e9cup\u00e9r\u00e9e en famille d&rsquo;accueil avec ses 2 b\u00e9b\u00e9s, qui ont \u00e9t\u00e9 rapidement adopt\u00e9es ensemble. Il lui a fallu du temps pour s&rsquo;adapter, c&rsquo;est pourquoi je n&rsquo;ai plus voulu la placer et lui infliger encore le stress d&rsquo;un d\u00e9m\u00e9nagement. Au d\u00e9but, tout n&rsquo;a pas \u00e9t\u00e9 simple pour elle avec les chiens et les autres chats. Ce n&rsquo;est toujours pas optimal : seuls Foupi et Silver sont accept\u00e9s sans grognements. C&rsquo;est une ind\u00e9pendante qui a besoin qu&rsquo;on la laisse tranquille.<br \/>\nElle aime \u00eatre dehors mais ne s&rsquo;\u00e9loigne jamais beaucoup du voisinage. Elle rentre \u00e0 la maison d\u00e8s qu&rsquo;elle entend le moteur de la voiture (comme un chien). Avec l&rsquo;hiver, elle reste \u00e0 l&rsquo;int\u00e9rieur et ne sort que pour manger&#8230;Elle ne veut pas manger dedans&#8230; Du coup on est quitte pour lui ouvrir la fen\u00eatre \u00e0 chaque fois que madame a faim !&nbsp;&raquo;<\/p>\n\n\t\t\t<div id='665-2' class='gallery gallery-665 gallery-columns-3 gallery-size-thumbnail' itemscope itemtype='http:\/\/schema.org\/ImageGallery'>\n\t\t\t\t<div class='gallery-row gallery-col-3 gallery-clear'>\n\t\t\t\t\t<figure class='gallery-item col-3' itemprop='associatedMedia' itemscope itemtype='http:\/\/schema.org\/ImageObject'>\n\t\t\t\t\t\t<div class='gallery-icon landscape'><a href='https:\/\/www.amis-tico.eu\/fr\/2013\/minette\/minette-update-1-4\/' itemprop=\"contentURL\"><img loading=\"lazy\" decoding=\"async\" width=\"150\" height=\"150\" src=\"https:\/\/www.amis-tico.eu\/fr\/wp-content\/uploads\/sites\/2\/2013\/12\/Minette-update-1-4-150x150.jpg\" class=\"attachment-thumbnail size-thumbnail\" alt=\"\" itemprop=\"thumbnail\" \/><\/a><\/div>\n\t\t\t\t\t<\/figure>\n\t\t\t\t\t<figure class='gallery-item col-3' itemprop='associatedMedia' itemscope itemtype='http:\/\/schema.org\/ImageObject'>\n\t\t\t\t\t\t<div class='gallery-icon landscape'><a href='https:\/\/www.amis-tico.eu\/fr\/2013\/minette\/minette-update-1-3\/' itemprop=\"contentURL\"><img loading=\"lazy\" decoding=\"async\" width=\"150\" height=\"150\" src=\"https:\/\/www.amis-tico.eu\/fr\/wp-content\/uploads\/sites\/2\/2013\/12\/Minette-update-1-3-150x150.jpg\" class=\"attachment-thumbnail size-thumbnail\" alt=\"\" itemprop=\"thumbnail\" \/><\/a><\/div>\n\t\t\t\t\t<\/figure>\n\t\t\t\t\t<figure class='gallery-item col-3' itemprop='associatedMedia' itemscope itemtype='http:\/\/schema.org\/ImageObject'>\n\t\t\t\t\t\t<div class='gallery-icon landscape'><a href='https:\/\/www.amis-tico.eu\/fr\/2013\/minette\/minette-update-1-2\/' itemprop=\"contentURL\"><img loading=\"lazy\" decoding=\"async\" width=\"150\" height=\"150\" src=\"https:\/\/www.amis-tico.eu\/fr\/wp-content\/uploads\/sites\/2\/2013\/12\/Minette-update-1-2-150x150.jpg\" class=\"attachment-thumbnail size-thumbnail\" alt=\"\" itemprop=\"thumbnail\" \/><\/a><\/div>\n\t\t\t\t\t<\/figure>\n\t\t\t\t<\/div>\n\t\t\t\t<div class='gallery-row gallery-col-3 gallery-clear'>\n\t\t\t\t\t<figure class='gallery-item col-3' itemprop='associatedMedia' itemscope itemtype='http:\/\/schema.org\/ImageObject'>\n\t\t\t\t\t\t<div class='gallery-icon landscape'><a href='https:\/\/www.amis-tico.eu\/fr\/2013\/minette\/minette-update-1-1\/' itemprop=\"contentURL\"><img loading=\"lazy\" decoding=\"async\" width=\"150\" height=\"150\" src=\"https:\/\/www.amis-tico.eu\/fr\/wp-content\/uploads\/sites\/2\/2013\/12\/Minette-update-1-1-150x150.jpg\" class=\"attachment-thumbnail size-thumbnail\" alt=\"\" itemprop=\"thumbnail\" \/><\/a><\/div>\n\t\t\t\t\t<\/figure>\n\t\t\t<\/div>\n\t\t\t<\/div><!-- .gallery -->\n\n<p>&nbsp;<\/p>\n","protected":false},"excerpt":{"rendered":"<p>Sexe: Femelle Age (date de naissance): 2009 Au refuge depuis: D\u00e9cembre 2013 Update f\u00e9vrier 2014: adopt\u00e9e<\/p>\n","protected":false},"author":8,"featured_media":667,"comment_status":"open","ping_status":"open","sticky":false,"template":"","format":"standard","meta":{"footnotes":""},"categories":[12],"tags":[],"class_list":["post-665","post","type-post","status-publish","format-standard","has-post-thumbnail","hentry","category-adoptes"],"_links":{"self":[{"href":"https:\/\/www.amis-tico.eu\/fr\/wp-json\/wp\/v2\/posts\/665","targetHints":{"allow":["GET"]}}],"collection":[{"href":"https:\/\/www.amis-tico.eu\/fr\/wp-json\/wp\/v2\/posts"}],"about":[{"href":"https:\/\/www.amis-tico.eu\/fr\/wp-json\/wp\/v2\/types\/post"}],"author":[{"embeddable":true,"href":"https:\/\/www.amis-tico.eu\/fr\/wp-json\/wp\/v2\/users\/8"}],"replies":[{"embeddable":true,"href":"https:\/\/www.amis-tico.eu\/fr\/wp-json\/wp\/v2\/comments?post=665"}],"version-history":[{"count":6,"href":"https:\/\/www.amis-tico.eu\/fr\/wp-json\/wp\/v2\/posts\/665\/revisions"}],"predecessor-version":[{"id":4119,"href":"https:\/\/www.amis-tico.eu\/fr\/wp-json\/wp\/v2\/posts\/665\/revisions\/4119"}],"wp:featuredmedia":[{"embeddable":true,"href":"https:\/\/www.amis-tico.eu\/fr\/wp-json\/wp\/v2\/media\/667"}],"wp:attachment":[{"href":"https:\/\/www.amis-tico.eu\/fr\/wp-json\/wp\/v2\/media?parent=665"}],"wp:term":[{"taxonomy":"category","embeddable":true,"href":"https:\/\/www.amis-tico.eu\/fr\/wp-json\/wp\/v2\/categories?post=665"},{"taxonomy":"post_tag","embeddable":true,"href":"https:\/\/www.amis-tico.eu\/fr\/wp-json\/wp\/v2\/tags?post=665"}],"curies":[{"name":"wp","href":"https:\/\/api.w.org\/{rel}","templated":true}]}}