{"id":941,"date":"2014-01-14T12:01:23","date_gmt":"2014-01-14T11:01:23","guid":{"rendered":"http:\/\/beta.amis-tico.eu\/fr\/?p=941"},"modified":"2014-01-21T19:17:46","modified_gmt":"2014-01-21T18:17:46","slug":"daya","status":"publish","type":"post","link":"https:\/\/www.amis-tico.eu\/fr\/2014\/daya\/","title":{"rendered":"Daya"},"content":{"rendered":"<p>Gabarit: Petite taille<br \/>\nSexe: Femelle<br \/>\nAge (date de naissance): 30\/03\/2008<br \/>\nRace: Bouledogue fran\u00e7ais<br \/>\nPelage: Ras<br \/>\nCouleur de robe: noire et blanche<br \/>\nAu refuge depuis: D\u00e9cembre 2013<br \/>\n<!--more--><br \/>\nS&rsquo;entend avec:<br \/>\nAutres chiens: ne s&rsquo;entend pas avec les femelles, OK m\u00e2les<br \/>\nChats: n.c<br \/>\nEnfants en bas \u00e2ge: oui<br \/>\nPeut vivre en: Maison, Appartement<\/p>\n<div>\n<p><strong>Commentaires<\/strong><\/p>\n<p>Daya a \u00e9t\u00e9 c\u00e9d\u00e9e pour cause de s\u00e9paration. Elle est tr\u00e8s gentille et joyeuse.<br \/>\nElle est propre et vivait en appartement sans probl\u00e8mes.<br \/>\nElle conna\u00eet les enfants et s&rsquo;entend avec.<\/p>\n<p><em><strong>Nos chiens sont st\u00e9rilis\u00e9s avant leur d\u00e9part du refuge.<\/strong><\/em><br \/>\n<em><strong>Les personnes voulant s&rsquo;en servir pour faire de la reproduction peuvent donc s&rsquo;abstenir.<\/strong><\/em><\/p>\n\n\t\t\t<div id='941-1' class='gallery gallery-941 gallery-columns-3 gallery-size-thumbnail' itemscope itemtype='http:\/\/schema.org\/ImageGallery'>\n\t\t\t\t<div class='gallery-row gallery-col-3 gallery-clear'>\n\t\t\t\t\t<figure class='gallery-item col-3' itemprop='associatedMedia' itemscope itemtype='http:\/\/schema.org\/ImageObject'>\n\t\t\t\t\t\t<div class='gallery-icon landscape'><a href='https:\/\/www.amis-tico.eu\/fr\/2014\/daya\/chienne-daya1-1\/' itemprop=\"contentURL\"><img loading=\"lazy\" decoding=\"async\" width=\"150\" height=\"150\" src=\"https:\/\/www.amis-tico.eu\/fr\/wp-content\/uploads\/sites\/2\/2014\/01\/chienne-daya1-1-150x150.jpg\" class=\"attachment-thumbnail size-thumbnail\" alt=\"\" itemprop=\"thumbnail\" \/><\/a><\/div>\n\t\t\t\t\t<\/figure>\n\t\t\t\t\t<figure class='gallery-item col-3' itemprop='associatedMedia' itemscope itemtype='http:\/\/schema.org\/ImageObject'>\n\t\t\t\t\t\t<div class='gallery-icon landscape'><a href='https:\/\/www.amis-tico.eu\/fr\/2014\/daya\/chienne-daya1-2\/' itemprop=\"contentURL\"><img loading=\"lazy\" decoding=\"async\" width=\"150\" height=\"150\" src=\"https:\/\/www.amis-tico.eu\/fr\/wp-content\/uploads\/sites\/2\/2014\/01\/chienne-daya1-2-150x150.jpg\" class=\"attachment-thumbnail size-thumbnail\" alt=\"\" itemprop=\"thumbnail\" \/><\/a><\/div>\n\t\t\t\t\t<\/figure>\n\t\t\t<\/div>\n\t\t\t<\/div><!-- .gallery -->\n\n<p>&nbsp;<\/p>\n<\/div>\n","protected":false},"excerpt":{"rendered":"<p>Gabarit: Petite taille Sexe: Femelle Age (date de naissance): 30\/03\/2008 Race: Bouledogue fran\u00e7ais Pelage: Ras Couleur de robe: noire et blanche Au refuge depuis: D\u00e9cembre 2013<\/p>\n","protected":false},"author":8,"featured_media":944,"comment_status":"open","ping_status":"open","sticky":false,"template":"","format":"standard","meta":{"footnotes":""},"categories":[12],"tags":[],"class_list":["post-941","post","type-post","status-publish","format-standard","has-post-thumbnail","hentry","category-adoptes"],"_links":{"self":[{"href":"https:\/\/www.amis-tico.eu\/fr\/wp-json\/wp\/v2\/posts\/941","targetHints":{"allow":["GET"]}}],"collection":[{"href":"https:\/\/www.amis-tico.eu\/fr\/wp-json\/wp\/v2\/posts"}],"about":[{"href":"https:\/\/www.amis-tico.eu\/fr\/wp-json\/wp\/v2\/types\/post"}],"author":[{"embeddable":true,"href":"https:\/\/www.amis-tico.eu\/fr\/wp-json\/wp\/v2\/users\/8"}],"replies":[{"embeddable":true,"href":"https:\/\/www.amis-tico.eu\/fr\/wp-json\/wp\/v2\/comments?post=941"}],"version-history":[{"count":1,"href":"https:\/\/www.amis-tico.eu\/fr\/wp-json\/wp\/v2\/posts\/941\/revisions"}],"predecessor-version":[{"id":946,"href":"https:\/\/www.amis-tico.eu\/fr\/wp-json\/wp\/v2\/posts\/941\/revisions\/946"}],"wp:featuredmedia":[{"embeddable":true,"href":"https:\/\/www.amis-tico.eu\/fr\/wp-json\/wp\/v2\/media\/944"}],"wp:attachment":[{"href":"https:\/\/www.amis-tico.eu\/fr\/wp-json\/wp\/v2\/media?parent=941"}],"wp:term":[{"taxonomy":"category","embeddable":true,"href":"https:\/\/www.amis-tico.eu\/fr\/wp-json\/wp\/v2\/categories?post=941"},{"taxonomy":"post_tag","embeddable":true,"href":"https:\/\/www.amis-tico.eu\/fr\/wp-json\/wp\/v2\/tags?post=941"}],"curies":[{"name":"wp","href":"https:\/\/api.w.org\/{rel}","templated":true}]}}