{"id":947,"date":"2014-01-14T12:00:38","date_gmt":"2014-01-14T11:00:38","guid":{"rendered":"http:\/\/beta.amis-tico.eu\/fr\/?p=947"},"modified":"2014-02-16T11:43:24","modified_gmt":"2014-02-16T10:43:24","slug":"tudor","status":"publish","type":"post","link":"https:\/\/www.amis-tico.eu\/fr\/2014\/tudor\/","title":{"rendered":"Tudor"},"content":{"rendered":"<p>Gabarit: Taille moyenne<br \/>\nSexe: M\u00e2le<br \/>\nAge (date de naissance): 21\/06\/2004<br \/>\nRace: Welsh springer Spaniel<br \/>\nPelage\/couleur de robe: Long\/roux et blanc<br \/>\nAu refuge depuis: D\u00e9cembre 2013<br \/>\n<strong> Update f\u00e9vrier 2014: Tudor est adopt\u00e9.<\/strong><br \/>\n<!--more--><br \/>\nS&rsquo;entend avec:<br \/>\nAutres chiens: OK femelles<br \/>\nChats: n.c<br \/>\nEnfants en bas \u00e2ge: + de 10 ans<br \/>\nPeut vivre en: Maison, Appartement<\/p>\n<div>\n<p><strong>Commentaires<\/strong><\/p>\n<p>Tudor est perdu et stress\u00e9 au refuge.<br \/>\nIl est un peu sur ses gardes au d\u00e9but, mais il a beaucoup d&rsquo;amour \u00e0 donner.<br \/>\nUn chien \u00e2g\u00e9 comme lui n&rsquo;a pas sa place au refuge. Sa place devrait \u00eatre dans une famille aimante et attentionn\u00e9e.<\/p>\n\n\t\t\t<div id='947-1' class='gallery gallery-947 gallery-columns-4 gallery-size-thumbnail' itemscope itemtype='http:\/\/schema.org\/ImageGallery'>\n\t\t\t\t<div class='gallery-row gallery-col-4 gallery-clear'>\n\t\t\t\t\t<figure class='gallery-item col-4' itemprop='associatedMedia' itemscope itemtype='http:\/\/schema.org\/ImageObject'>\n\t\t\t\t\t\t<div class='gallery-icon landscape'><a href='https:\/\/www.amis-tico.eu\/fr\/2014\/tudor\/chien-tudor1-4\/' itemprop=\"contentURL\"><img loading=\"lazy\" decoding=\"async\" width=\"150\" height=\"150\" src=\"https:\/\/www.amis-tico.eu\/fr\/wp-content\/uploads\/sites\/2\/2014\/01\/chien-tudor1-4-150x150.jpg\" class=\"attachment-thumbnail size-thumbnail\" alt=\"\" itemprop=\"thumbnail\" \/><\/a><\/div>\n\t\t\t\t\t<\/figure>\n\t\t\t\t\t<figure class='gallery-item col-4' itemprop='associatedMedia' itemscope itemtype='http:\/\/schema.org\/ImageObject'>\n\t\t\t\t\t\t<div class='gallery-icon landscape'><a href='https:\/\/www.amis-tico.eu\/fr\/2014\/tudor\/chien-tudor1-1\/' itemprop=\"contentURL\"><img loading=\"lazy\" decoding=\"async\" width=\"150\" height=\"150\" src=\"https:\/\/www.amis-tico.eu\/fr\/wp-content\/uploads\/sites\/2\/2014\/01\/chien-tudor1-1-150x150.jpg\" class=\"attachment-thumbnail size-thumbnail\" alt=\"\" itemprop=\"thumbnail\" \/><\/a><\/div>\n\t\t\t\t\t<\/figure>\n\t\t\t\t\t<figure class='gallery-item col-4' itemprop='associatedMedia' itemscope itemtype='http:\/\/schema.org\/ImageObject'>\n\t\t\t\t\t\t<div class='gallery-icon landscape'><a href='https:\/\/www.amis-tico.eu\/fr\/2014\/tudor\/chien-tudor1-2\/' itemprop=\"contentURL\"><img loading=\"lazy\" decoding=\"async\" width=\"150\" height=\"150\" src=\"https:\/\/www.amis-tico.eu\/fr\/wp-content\/uploads\/sites\/2\/2014\/01\/chien-tudor1-2-150x150.jpg\" class=\"attachment-thumbnail size-thumbnail\" alt=\"\" itemprop=\"thumbnail\" \/><\/a><\/div>\n\t\t\t\t\t<\/figure>\n\t\t\t\t\t<figure class='gallery-item col-4' itemprop='associatedMedia' itemscope itemtype='http:\/\/schema.org\/ImageObject'>\n\t\t\t\t\t\t<div class='gallery-icon landscape'><a href='https:\/\/www.amis-tico.eu\/fr\/2014\/tudor\/chien-tudor1-3\/' itemprop=\"contentURL\"><img loading=\"lazy\" decoding=\"async\" width=\"150\" height=\"150\" src=\"https:\/\/www.amis-tico.eu\/fr\/wp-content\/uploads\/sites\/2\/2014\/01\/chien-tudor1-3-150x150.jpg\" class=\"attachment-thumbnail size-thumbnail\" alt=\"\" itemprop=\"thumbnail\" \/><\/a><\/div>\n\t\t\t\t\t<\/figure>\n\t\t\t\t<\/div>\n\t\t\t<\/div><!-- .gallery -->\n\n<p>&nbsp;<\/p>\n<\/div>\n","protected":false},"excerpt":{"rendered":"<p>Gabarit: Taille moyenne Sexe: M\u00e2le Age (date de naissance): 21\/06\/2004 Race: Welsh springer Spaniel Pelage\/couleur de robe: Long\/roux et blanc Au refuge depuis: D\u00e9cembre 2013 Update f\u00e9vrier 2014: Tudor est adopt\u00e9.<\/p>\n","protected":false},"author":8,"featured_media":951,"comment_status":"open","ping_status":"open","sticky":false,"template":"","format":"standard","meta":{"footnotes":""},"categories":[12],"tags":[],"class_list":["post-947","post","type-post","status-publish","format-standard","has-post-thumbnail","hentry","category-adoptes"],"_links":{"self":[{"href":"https:\/\/www.amis-tico.eu\/fr\/wp-json\/wp\/v2\/posts\/947","targetHints":{"allow":["GET"]}}],"collection":[{"href":"https:\/\/www.amis-tico.eu\/fr\/wp-json\/wp\/v2\/posts"}],"about":[{"href":"https:\/\/www.amis-tico.eu\/fr\/wp-json\/wp\/v2\/types\/post"}],"author":[{"embeddable":true,"href":"https:\/\/www.amis-tico.eu\/fr\/wp-json\/wp\/v2\/users\/8"}],"replies":[{"embeddable":true,"href":"https:\/\/www.amis-tico.eu\/fr\/wp-json\/wp\/v2\/comments?post=947"}],"version-history":[{"count":2,"href":"https:\/\/www.amis-tico.eu\/fr\/wp-json\/wp\/v2\/posts\/947\/revisions"}],"predecessor-version":[{"id":1527,"href":"https:\/\/www.amis-tico.eu\/fr\/wp-json\/wp\/v2\/posts\/947\/revisions\/1527"}],"wp:featuredmedia":[{"embeddable":true,"href":"https:\/\/www.amis-tico.eu\/fr\/wp-json\/wp\/v2\/media\/951"}],"wp:attachment":[{"href":"https:\/\/www.amis-tico.eu\/fr\/wp-json\/wp\/v2\/media?parent=947"}],"wp:term":[{"taxonomy":"category","embeddable":true,"href":"https:\/\/www.amis-tico.eu\/fr\/wp-json\/wp\/v2\/categories?post=947"},{"taxonomy":"post_tag","embeddable":true,"href":"https:\/\/www.amis-tico.eu\/fr\/wp-json\/wp\/v2\/tags?post=947"}],"curies":[{"name":"wp","href":"https:\/\/api.w.org\/{rel}","templated":true}]}}